{"id":13176,"date":"2023-03-06T17:43:12","date_gmt":"2023-03-06T16:43:12","guid":{"rendered":"https:\/\/www.photoclubsavenay.com\/blogWP\/?p=13176"},"modified":"2023-03-10T17:45:02","modified_gmt":"2023-03-10T16:45:02","slug":"seance-du-3-mars-2023","status":"publish","type":"post","link":"http:\/\/www.photoclubsavenay.com\/blogWP\/seance-du-3-mars-2023\/","title":{"rendered":"S\u00e9ance du 3 mars 2023"},"content":{"rendered":"\n<div class=\"wp-block-uagb-container uagb-block-41477dff alignfull uagb-is-root-container\"><div class=\"uagb-container-inner-blocks-wrap\">\n<div class=\"wp-block-uagb-advanced-heading uagb-block-4bd7460d\"><p class=\"uagb-heading-text\"><strong>Compte-rendu de la s\u00e9ance<\/strong> <strong>du 03.03.2023<\/strong><br>Pr\u00e9sents\u00a0: 25 personnes<br><br><strong>Expo de Campbon du 8 au 16 avril 2023\u00a0:<\/strong><br>&#8211; Envoie du planning des permanences semaine 10,<br>&#8211; N\u2019h\u00e9sitez pas \u00e0 inviter des personnes \u00e0 venir voir l\u2019expo m\u00eame au vernissage,<br><br><strong>Rappel des intervenants<\/strong><br>&#8211; Jean-Claude LEMEE vient le vendredi 17 mars<br>Le th\u00e8me retenu est la photo de reportage\u00a0: valorisation du sujet par la lumi\u00e8re et la composition.<br>&#8211; Guillaume Noury vient le vendredi 5 mai<br>Le th\u00e8me sera l\u2019editing photo<br><br><strong>Expo de Savenay du 2 au 11 juin 2023<\/strong><br> Les th\u00e8mes pour cette expo sont<br><strong>Le Vent , La Poussi\u00e8re, ainsi qu\u2019un th\u00e8me libre<\/strong>.<br>Date butoir pour d\u00e9poser vos photos le 3 avril afin de pr\u00e9parer l\u2019affiche et lancer les invitations au vernissage le plus t\u00f4t possible pour \u00e9viter de nous retrouver dans la m\u00eame position qu&#8217; en novembre.<br> <strong>Donc n\u2019h\u00e9sitez pas \u00e0 apporter des photos pour l\u2019expo pendant les prochaines r\u00e9unions.<\/strong><br><br><strong>Sorties\u00a0:<\/strong><br>Propositions de Jean-Paul\u00a0:<br>&#8211; 11 mars\u00a0: Bri\u00e8re, rdv au parking du golfeur \u00e0 8h30,<br><br><strong>Festival Handiversit\u00e9\u00a0:<\/strong><br>Claude a re\u00e7u une demande pour que le club participe au festival comme les ann\u00e9es pr\u00e9c\u00e9dentes.<br>Le festival se d\u00e9roule du 17 au 22 avril, Claude fait un mail de sondage pour recenser les membres int\u00e9ress\u00e9s.<br><br><strong>Arts martiaux historiques :<\/strong><br>Jean-Vincent a contact\u00e9 Jean-Paul pour proposer une sortie sur une animation \u2018Arts martiaux historiques\u2019, cependant le bureau aimerait des pr\u00e9cisions sur les prestations demand\u00e9es par le lyc\u00e9e, le club n\u2019a pas vocation \u00e0 remplacer un photographe professionnel.<br><br><strong>Pr\u00e9sentation d\u2019un photographe par Marie-Ga\u00eblle :<\/strong><br>Marie-Ga\u00eblle nous a pr\u00e9sent\u00e9 le photographe Bernard Deschamps.<br>Elle nous envoie la pr\u00e9sentation avec un lien vers une interview. Les documents seront mis \u00e0 disposition sur le site du club.<br><br><strong>Concours Th\u00e8me \u2018La cuisine dans tous ses \u00e9tats\u2019 :<\/strong><br>11 photos pr\u00e9sent\u00e9es,<br>F\u00e9licitation \u00e0 Bernard avec sa photo \u2018ar\u00eate\u2019\u00a0: 10 voix<br><br><strong>Prochain th\u00e8me du concours \u2018Ras du sol\u2019 qui aura lieu le 21 avril<\/strong><br><br><strong>Projection de photos :<\/strong><br>Nydia a pr\u00e9sent\u00e9 une photo sur le th\u00e8me Poussi\u00e8re,<br>Martine a pr\u00e9sent\u00e9 3 photos sur le th\u00e8me Vent,<br><br>Nous avons visionn\u00e9 les photos pour l\u2019expo de Savenay remont\u00e9es sur Joom\u00e9o,<br><strong>Th\u00e8me Poussi\u00e8re\u00a0:<\/strong><br>Dominique P. a post\u00e9 6 photos,<br>Mathieu a post\u00e9 1 photos,<br><br><strong>Th\u00e8me Vent\u00a0:<\/strong><br>Evelyne a post\u00e9 3 photos,<br>Jean-Fran\u00e7ois R. a post\u00e9 1 photos,<br>Fran\u00e7ois J. a post\u00e9 2 photos,<br><br><strong>Th\u00e8me libre pour l\u2019expo\u00a0:<\/strong><br>Fran\u00e7ois R. a post\u00e9 3 photos,<br>Fran\u00e7ois J. a post\u00e9 4 photos,<br><br>Claude a pr\u00e9sent\u00e9 une 2\u00e8me photo sur le th\u00e8me du concours sur la cuisine et une s\u00e9rie de photos humoristique \u2018Bon app\u00e9tit\u00a0!\u2019<br><br><strong>Prochaine s\u00e9ance le 17 mars avec l&#8217;intervention de Jean-Claude LEMEE.<\/strong><br><\/p><\/div>\n<\/div><\/div>\n","protected":false},"excerpt":{"rendered":"<p>Compte-rendu de la s\u00e9ance du 03.03.2023Pr\u00e9sents\u00a0: 25 personnes Expo de Campbon du 8 au 16 avril 2023\u00a0:&#8211; Envoie du planning des permanences semaine 10,&#8211; N\u2019h\u00e9sitez pas \u00e0 inviter des personnes \u00e0 venir voir l\u2019expo m\u00eame au vernissage, Rappel des intervenants&#8211; Jean-Claude LEMEE vient le vendredi 17 marsLe th\u00e8me retenu est la photo de reportage\u00a0: valorisation [&hellip;]<\/p>\n","protected":false},"author":412,"featured_media":12443,"comment_status":"closed","ping_status":"closed","sticky":false,"template":"","format":"standard","meta":{"_uag_custom_page_level_css":"","site-sidebar-layout":"","site-content-layout":"","ast-site-content-layout":"default","site-content-style":"default","site-sidebar-style":"default","ast-global-header-display":"","ast-banner-title-visibility":"","ast-main-header-display":"","ast-hfb-above-header-display":"","ast-hfb-below-header-display":"","ast-hfb-mobile-header-display":"","site-post-title":"","ast-breadcrumbs-content":"","ast-featured-img":"","footer-sml-layout":"","ast-disable-related-posts":"","theme-transparent-header-meta":"","adv-header-id-meta":"","stick-header-meta":"","header-above-stick-meta":"","header-main-stick-meta":"","header-below-stick-meta":"","astra-migrate-meta-layouts":"default","ast-page-background-enabled":"default","ast-page-background-meta":{"desktop":{"background-color":"","background-image":"","background-repeat":"repeat","background-position":"center center","background-size":"auto","background-attachment":"scroll","background-type":"","background-media":"","overlay-type":"","overlay-color":"","overlay-opacity":"","overlay-gradient":""},"tablet":{"background-color":"","background-image":"","background-repeat":"repeat","background-position":"center center","background-size":"auto","background-attachment":"scroll","background-type":"","background-media":"","overlay-type":"","overlay-color":"","overlay-opacity":"","overlay-gradient":""},"mobile":{"background-color":"","background-image":"","background-repeat":"repeat","background-position":"center center","background-size":"auto","background-attachment":"scroll","background-type":"","background-media":"","overlay-type":"","overlay-color":"","overlay-opacity":"","overlay-gradient":""}},"ast-content-background-meta":{"desktop":{"background-color":"var(--ast-global-color-5)","background-image":"","background-repeat":"repeat","background-position":"center center","background-size":"auto","background-attachment":"scroll","background-type":"","background-media":"","overlay-type":"","overlay-color":"","overlay-opacity":"","overlay-gradient":""},"tablet":{"background-color":"var(--ast-global-color-5)","background-image":"","background-repeat":"repeat","background-position":"center center","background-size":"auto","background-attachment":"scroll","background-type":"","background-media":"","overlay-type":"","overlay-color":"","overlay-opacity":"","overlay-gradient":""},"mobile":{"background-color":"var(--ast-global-color-5)","background-image":"","background-repeat":"repeat","background-position":"center center","background-size":"auto","background-attachment":"scroll","background-type":"","background-media":"","overlay-type":"","overlay-color":"","overlay-opacity":"","overlay-gradient":""}},"cybocfi_hide_featured_image":"yes","footnotes":""},"categories":[97],"tags":[],"class_list":["post-13176","post","type-post","status-publish","format-standard","has-post-thumbnail","hentry","category-infos-membres"],"uagb_featured_image_src":{"full":["http:\/\/www.photoclubsavenay.com\/blogWP\/wp-content\/uploads\/2022\/12\/Seances.png",1080,1080,false],"thumbnail":["http:\/\/www.photoclubsavenay.com\/blogWP\/wp-content\/uploads\/2022\/12\/Seances-150x150.png",150,150,true],"medium":["http:\/\/www.photoclubsavenay.com\/blogWP\/wp-content\/uploads\/2022\/12\/Seances-300x300.png",300,300,true],"medium_large":["http:\/\/www.photoclubsavenay.com\/blogWP\/wp-content\/uploads\/2022\/12\/Seances-768x768.png",768,768,true],"large":["http:\/\/www.photoclubsavenay.com\/blogWP\/wp-content\/uploads\/2022\/12\/Seances-1024x1024.png",1024,1024,true],"1536x1536":["http:\/\/www.photoclubsavenay.com\/blogWP\/wp-content\/uploads\/2022\/12\/Seances.png",1080,1080,false],"2048x2048":["http:\/\/www.photoclubsavenay.com\/blogWP\/wp-content\/uploads\/2022\/12\/Seances.png",1080,1080,false]},"uagb_author_info":{"display_name":"Nathalie Bezier","author_link":"http:\/\/www.photoclubsavenay.com\/blogWP\/author\/nathalie-b\/"},"uagb_comment_info":0,"uagb_excerpt":"Compte-rendu de la s\u00e9ance du 03.03.2023Pr\u00e9sents\u00a0: 25 personnes Expo de Campbon du 8 au 16 avril 2023\u00a0:&#8211; Envoie du planning des permanences semaine 10,&#8211; N\u2019h\u00e9sitez pas \u00e0 inviter des personnes \u00e0 venir voir l\u2019expo m\u00eame au vernissage, Rappel des intervenants&#8211; Jean-Claude LEMEE vient le vendredi 17 marsLe th\u00e8me retenu est la photo de reportage\u00a0: valorisation\u2026","_links":{"self":[{"href":"http:\/\/www.photoclubsavenay.com\/blogWP\/wp-json\/wp\/v2\/posts\/13176"}],"collection":[{"href":"http:\/\/www.photoclubsavenay.com\/blogWP\/wp-json\/wp\/v2\/posts"}],"about":[{"href":"http:\/\/www.photoclubsavenay.com\/blogWP\/wp-json\/wp\/v2\/types\/post"}],"author":[{"embeddable":true,"href":"http:\/\/www.photoclubsavenay.com\/blogWP\/wp-json\/wp\/v2\/users\/412"}],"replies":[{"embeddable":true,"href":"http:\/\/www.photoclubsavenay.com\/blogWP\/wp-json\/wp\/v2\/comments?post=13176"}],"version-history":[{"count":0,"href":"http:\/\/www.photoclubsavenay.com\/blogWP\/wp-json\/wp\/v2\/posts\/13176\/revisions"}],"wp:featuredmedia":[{"embeddable":true,"href":"http:\/\/www.photoclubsavenay.com\/blogWP\/wp-json\/wp\/v2\/media\/12443"}],"wp:attachment":[{"href":"http:\/\/www.photoclubsavenay.com\/blogWP\/wp-json\/wp\/v2\/media?parent=13176"}],"wp:term":[{"taxonomy":"category","embeddable":true,"href":"http:\/\/www.photoclubsavenay.com\/blogWP\/wp-json\/wp\/v2\/categories?post=13176"},{"taxonomy":"post_tag","embeddable":true,"href":"http:\/\/www.photoclubsavenay.com\/blogWP\/wp-json\/wp\/v2\/tags?post=13176"}],"curies":[{"name":"wp","href":"https:\/\/api.w.org\/{rel}","templated":true}]}}