{"id":3241,"date":"2019-03-14T11:26:50","date_gmt":"2019-03-14T10:26:50","guid":{"rendered":"http:\/\/www.photoclubsavenay.com\/blogWP\/?p=3241"},"modified":"2023-02-06T20:35:40","modified_gmt":"2023-02-06T19:35:40","slug":"partenariat-avec-cine-nova","status":"publish","type":"post","link":"http:\/\/www.photoclubsavenay.com\/blogWP\/partenariat-avec-cine-nova\/","title":{"rendered":"Partenariat avec Cin\u00e9 Nova"},"content":{"rendered":"<p><a href=\"http:\/\/www.photoclubsavenay.com\/blogWP\/wp-content\/uploads\/2019\/03\/DSC_2834.jpg\"><img loading=\"lazy\" decoding=\"async\" class=\"wp-image-3232 alignright\" src=\"http:\/\/www.photoclubsavenay.com\/blogWP\/wp-content\/uploads\/2019\/03\/DSC_2834-300x200.jpg\" alt=\"\" width=\"262\" height=\"174\" \/><\/a><\/p>\n<p>La semaine britannique du 06\/03 au 12\/03<\/p>\n<p>&nbsp;<\/p>\n<p>A l&#8217;initiative de Cin\u00e9 Nova, un nouveau partenariat entre ce dernier et le Photoclub de Savenay a \u00e9t\u00e9 inaugur\u00e9 du 23 au 29 janvier 2019 lors de la semaine allemande. Afin d&#8217; animer le hall et d&#8217;offrir un suppl\u00e9ment culturel aux spectateurs \u00e0 l&#8217;occasion de certaines projections, il a \u00e9t\u00e9 convenu d&#8217;installer ponctuellement des expositions compos\u00e9es d&#8217;une douzaine d&#8217;images minimum financ\u00e9es par le commanditaire.<\/p>\n<p><a href=\"http:\/\/www.photoclubsavenay.com\/blogWP\/wp-content\/uploads\/2019\/03\/DSC_2844.jpg\"><img loading=\"lazy\" decoding=\"async\" class=\"wp-image-3234 alignnone\" src=\"http:\/\/www.photoclubsavenay.com\/blogWP\/wp-content\/uploads\/2019\/03\/DSC_2844-300x200.jpg\" alt=\"\" width=\"262\" height=\"175\" \/><\/a>Ce mercredi 6 mars d\u00e9bute la semaine britannique. Parmi les 12 images expos\u00e9es, certaines ont \u00e9t\u00e9 prises sur les sites de tournage\u00a0de Highlander, Game of Thrones ou <em>Monty Python and the Holy\u00a0Grail.<\/em><\/p>\n<p><a href=\"http:\/\/www.photoclubsavenay.com\/blogWP\/wp-content\/uploads\/2019\/03\/DSC_2840.jpg\"><img loading=\"lazy\" decoding=\"async\" class=\"wp-image-3233 alignright\" src=\"http:\/\/www.photoclubsavenay.com\/blogWP\/wp-content\/uploads\/2019\/03\/DSC_2840-300x169.jpg\" alt=\"\" width=\"264\" height=\"149\" \/><\/a> Les membres du Photoclub, sur la base du volontariat, sont donc invit\u00e9s \u00e0 extraire de leur phototh\u00e8que personnelle des images correspondantes et d\u00e9cident de la s\u00e9lection finale.<\/p>\n<p>&nbsp;<\/p>\n<p>Sur le plan mat\u00e9riel, Cin\u00e9 Nova met \u00e0 disposition la quantit\u00e9 de grilles n\u00e9cessaires. Le petit groupe de photographes constitu\u00e9 et autonome, g\u00e8re le reste de la mise en \u0153uvre.<\/p>\n<p>&nbsp;<\/p>\n<p>Arnaud Philippon<\/p>\n","protected":false},"excerpt":{"rendered":"<p>La semaine britannique du 06\/03 au 12\/03 &nbsp; A l&#8217;initiative de Cin\u00e9 Nova, un nouveau partenariat entre ce dernier et le Photoclub de Savenay a \u00e9t\u00e9 inaugur\u00e9 du 23 au 29 janvier 2019 lors de la semaine allemande. Afin d&#8217; animer le hall et d&#8217;offrir un suppl\u00e9ment culturel aux spectateurs \u00e0 l&#8217;occasion de certaines projections, [&hellip;]<\/p>\n","protected":false},"author":482,"featured_media":0,"comment_status":"closed","ping_status":"open","sticky":false,"template":"","format":"standard","meta":{"_uag_custom_page_level_css":"","site-sidebar-layout":"default","site-content-layout":"","ast-site-content-layout":"default","site-content-style":"default","site-sidebar-style":"default","ast-global-header-display":"","ast-banner-title-visibility":"","ast-main-header-display":"","ast-hfb-above-header-display":"","ast-hfb-below-header-display":"","ast-hfb-mobile-header-display":"","site-post-title":"","ast-breadcrumbs-content":"","ast-featured-img":"","footer-sml-layout":"","ast-disable-related-posts":"","theme-transparent-header-meta":"","adv-header-id-meta":"","stick-header-meta":"","header-above-stick-meta":"","header-main-stick-meta":"","header-below-stick-meta":"","astra-migrate-meta-layouts":"default","ast-page-background-enabled":"default","ast-page-background-meta":{"desktop":{"background-color":"","background-image":"","background-repeat":"repeat","background-position":"center center","background-size":"auto","background-attachment":"scroll","background-type":"","background-media":"","overlay-type":"","overlay-color":"","overlay-opacity":"","overlay-gradient":""},"tablet":{"background-color":"","background-image":"","background-repeat":"repeat","background-position":"center center","background-size":"auto","background-attachment":"scroll","background-type":"","background-media":"","overlay-type":"","overlay-color":"","overlay-opacity":"","overlay-gradient":""},"mobile":{"background-color":"","background-image":"","background-repeat":"repeat","background-position":"center center","background-size":"auto","background-attachment":"scroll","background-type":"","background-media":"","overlay-type":"","overlay-color":"","overlay-opacity":"","overlay-gradient":""}},"ast-content-background-meta":{"desktop":{"background-color":"var(--ast-global-color-5)","background-image":"","background-repeat":"repeat","background-position":"center center","background-size":"auto","background-attachment":"scroll","background-type":"","background-media":"","overlay-type":"","overlay-color":"","overlay-opacity":"","overlay-gradient":""},"tablet":{"background-color":"var(--ast-global-color-5)","background-image":"","background-repeat":"repeat","background-position":"center center","background-size":"auto","background-attachment":"scroll","background-type":"","background-media":"","overlay-type":"","overlay-color":"","overlay-opacity":"","overlay-gradient":""},"mobile":{"background-color":"var(--ast-global-color-5)","background-image":"","background-repeat":"repeat","background-position":"center center","background-size":"auto","background-attachment":"scroll","background-type":"","background-media":"","overlay-type":"","overlay-color":"","overlay-opacity":"","overlay-gradient":""}},"cybocfi_hide_featured_image":"","footnotes":""},"categories":[30],"tags":[],"class_list":["post-3241","post","type-post","status-publish","format-standard","hentry","category-l-activite-du-club"],"uagb_featured_image_src":{"full":false,"thumbnail":false,"medium":false,"medium_large":false,"large":false,"1536x1536":false,"2048x2048":false},"uagb_author_info":{"display_name":"PhotoClub Savenay","author_link":"http:\/\/www.photoclubsavenay.com\/blogWP\/author\/photoclubsavenay\/"},"uagb_comment_info":0,"uagb_excerpt":"La semaine britannique du 06\/03 au 12\/03 &nbsp; A l&#8217;initiative de Cin\u00e9 Nova, un nouveau partenariat entre ce dernier et le Photoclub de Savenay a \u00e9t\u00e9 inaugur\u00e9 du 23 au 29 janvier 2019 lors de la semaine allemande. Afin d&#8217; animer le hall et d&#8217;offrir un suppl\u00e9ment culturel aux spectateurs \u00e0 l&#8217;occasion de certaines projections,\u2026","_links":{"self":[{"href":"http:\/\/www.photoclubsavenay.com\/blogWP\/wp-json\/wp\/v2\/posts\/3241"}],"collection":[{"href":"http:\/\/www.photoclubsavenay.com\/blogWP\/wp-json\/wp\/v2\/posts"}],"about":[{"href":"http:\/\/www.photoclubsavenay.com\/blogWP\/wp-json\/wp\/v2\/types\/post"}],"author":[{"embeddable":true,"href":"http:\/\/www.photoclubsavenay.com\/blogWP\/wp-json\/wp\/v2\/users\/482"}],"replies":[{"embeddable":true,"href":"http:\/\/www.photoclubsavenay.com\/blogWP\/wp-json\/wp\/v2\/comments?post=3241"}],"version-history":[{"count":0,"href":"http:\/\/www.photoclubsavenay.com\/blogWP\/wp-json\/wp\/v2\/posts\/3241\/revisions"}],"wp:attachment":[{"href":"http:\/\/www.photoclubsavenay.com\/blogWP\/wp-json\/wp\/v2\/media?parent=3241"}],"wp:term":[{"taxonomy":"category","embeddable":true,"href":"http:\/\/www.photoclubsavenay.com\/blogWP\/wp-json\/wp\/v2\/categories?post=3241"},{"taxonomy":"post_tag","embeddable":true,"href":"http:\/\/www.photoclubsavenay.com\/blogWP\/wp-json\/wp\/v2\/tags?post=3241"}],"curies":[{"name":"wp","href":"https:\/\/api.w.org\/{rel}","templated":true}]}}