{"id":13136,"date":"2023-02-28T18:07:42","date_gmt":"2023-02-28T17:07:42","guid":{"rendered":"http:\/\/www.photoclubsavenay.com\/blogWP\/?p=13136"},"modified":"2023-02-28T18:13:39","modified_gmt":"2023-02-28T17:13:39","slug":"seance-du-24-fevrier-2023","status":"publish","type":"post","link":"https:\/\/www.photoclubsavenay.com\/blogWP\/seance-du-24-fevrier-2023\/","title":{"rendered":"S\u00e9ance du 24 f\u00e9vrier 2023"},"content":{"rendered":"\n<div class=\"wp-block-uagb-container uagb-block-945f41bc alignfull uagb-is-root-container\"><div class=\"uagb-container-inner-blocks-wrap\">\n<div class=\"wp-block-uagb-advanced-heading uagb-block-f5efb322\"><p class=\"uagb-heading-text\"><strong>Compte-rendu de la s\u00e9ance du 24.02.2023<\/strong><br>&#8211; Pr\u00e9sents&nbsp;: 25 personnes<br><br><strong>Pr\u00e9sentation des commentaires des s\u00e9ries LAP<\/strong><br>&#8211; les participants \u00e0 la s\u00e9lection LAP 2023 ont pr\u00e9sent\u00e9 leurs tirages photos avec les commentaires du jury,<br><br><strong>D\u00e9but de s\u00e9ance<\/strong><br>&#8211; Tuto sur la photo de spectacle\/concert pr\u00e9sent\u00e9 par \u00c9douard, vous trouverez le support sur le site du club un peu plus tard.<br><br><strong>Expo:<\/strong><br>&#8211; Expo de la s\u00e9lection LAP 2022 a lieu du 18\/02 au 05\/03 \u00e0 la Tour \u00e0 Plomb de Cou\u00ebron,<br><br><strong>Rappel de l\u2019expo de Savenay juin 2023&nbsp;:<\/strong><br>&#8211; Du 2 au 11 juin 2023 (2 week-ends),<br>&#8211; Les th\u00e8mes pour cette expo sont Le Vent , La Poussi\u00e8re, ainsi qu\u2019un th\u00e8me libre.<br><br>Prochaine s\u00e9ance le 3 mars.<\/p><\/div>\n<\/div><\/div>\n","protected":false},"excerpt":{"rendered":"<p>Compte-rendu de la s\u00e9ance du 24.02.2023&#8211; Pr\u00e9sents&nbsp;: 25 personnes Pr\u00e9sentation des commentaires des s\u00e9ries LAP&#8211; les participants \u00e0 la s\u00e9lection LAP 2023 ont pr\u00e9sent\u00e9 leurs tirages photos avec les commentaires du jury, D\u00e9but de s\u00e9ance&#8211; Tuto sur la photo de spectacle\/concert pr\u00e9sent\u00e9 par \u00c9douard, vous trouverez le support sur le site du club un peu [&hellip;]<\/p>\n","protected":false},"author":412,"featured_media":12443,"comment_status":"closed","ping_status":"closed","sticky":false,"template":"","format":"standard","meta":{"_uag_custom_page_level_css":"","site-sidebar-layout":"","site-content-layout":"","ast-site-content-layout":"default","site-content-style":"default","site-sidebar-style":"default","ast-global-header-display":"","ast-banner-title-visibility":"","ast-main-header-display":"","ast-hfb-above-header-display":"","ast-hfb-below-header-display":"","ast-hfb-mobile-header-display":"","site-post-title":"","ast-breadcrumbs-content":"","ast-featured-img":"","footer-sml-layout":"","ast-disable-related-posts":"","theme-transparent-header-meta":"","adv-header-id-meta":"","stick-header-meta":"","header-above-stick-meta":"","header-main-stick-meta":"","header-below-stick-meta":"","astra-migrate-meta-layouts":"default","ast-page-background-enabled":"default","ast-page-background-meta":{"desktop":{"background-color":"","background-image":"","background-repeat":"repeat","background-position":"center center","background-size":"auto","background-attachment":"scroll","background-type":"","background-media":"","overlay-type":"","overlay-color":"","overlay-opacity":"","overlay-gradient":""},"tablet":{"background-color":"","background-image":"","background-repeat":"repeat","background-position":"center center","background-size":"auto","background-attachment":"scroll","background-type":"","background-media":"","overlay-type":"","overlay-color":"","overlay-opacity":"","overlay-gradient":""},"mobile":{"background-color":"","background-image":"","background-repeat":"repeat","background-position":"center center","background-size":"auto","background-attachment":"scroll","background-type":"","background-media":"","overlay-type":"","overlay-color":"","overlay-opacity":"","overlay-gradient":""}},"ast-content-background-meta":{"desktop":{"background-color":"var(--ast-global-color-5)","background-image":"","background-repeat":"repeat","background-position":"center center","background-size":"auto","background-attachment":"scroll","background-type":"","background-media":"","overlay-type":"","overlay-color":"","overlay-opacity":"","overlay-gradient":""},"tablet":{"background-color":"var(--ast-global-color-5)","background-image":"","background-repeat":"repeat","background-position":"center center","background-size":"auto","background-attachment":"scroll","background-type":"","background-media":"","overlay-type":"","overlay-color":"","overlay-opacity":"","overlay-gradient":""},"mobile":{"background-color":"var(--ast-global-color-5)","background-image":"","background-repeat":"repeat","background-position":"center center","background-size":"auto","background-attachment":"scroll","background-type":"","background-media":"","overlay-type":"","overlay-color":"","overlay-opacity":"","overlay-gradient":""}},"cybocfi_hide_featured_image":"yes","footnotes":""},"categories":[97],"tags":[],"class_list":["post-13136","post","type-post","status-publish","format-standard","has-post-thumbnail","hentry","category-infos-membres"],"uagb_featured_image_src":{"full":["https:\/\/www.photoclubsavenay.com\/blogWP\/wp-content\/uploads\/2022\/12\/Seances.png",1080,1080,false],"thumbnail":["https:\/\/www.photoclubsavenay.com\/blogWP\/wp-content\/uploads\/2022\/12\/Seances-150x150.png",150,150,true],"medium":["https:\/\/www.photoclubsavenay.com\/blogWP\/wp-content\/uploads\/2022\/12\/Seances-300x300.png",300,300,true],"medium_large":["https:\/\/www.photoclubsavenay.com\/blogWP\/wp-content\/uploads\/2022\/12\/Seances-768x768.png",768,768,true],"large":["https:\/\/www.photoclubsavenay.com\/blogWP\/wp-content\/uploads\/2022\/12\/Seances-1024x1024.png",1024,1024,true],"1536x1536":["https:\/\/www.photoclubsavenay.com\/blogWP\/wp-content\/uploads\/2022\/12\/Seances.png",1080,1080,false],"2048x2048":["https:\/\/www.photoclubsavenay.com\/blogWP\/wp-content\/uploads\/2022\/12\/Seances.png",1080,1080,false]},"uagb_author_info":{"display_name":"Nathalie Bezier","author_link":"https:\/\/www.photoclubsavenay.com\/blogWP\/author\/nathalie-b\/"},"uagb_comment_info":0,"uagb_excerpt":"Compte-rendu de la s\u00e9ance du 24.02.2023&#8211; Pr\u00e9sents&nbsp;: 25 personnes Pr\u00e9sentation des commentaires des s\u00e9ries LAP&#8211; les participants \u00e0 la s\u00e9lection LAP 2023 ont pr\u00e9sent\u00e9 leurs tirages photos avec les commentaires du jury, D\u00e9but de s\u00e9ance&#8211; Tuto sur la photo de spectacle\/concert pr\u00e9sent\u00e9 par \u00c9douard, vous trouverez le support sur le site du club un peu\u2026","_links":{"self":[{"href":"https:\/\/www.photoclubsavenay.com\/blogWP\/wp-json\/wp\/v2\/posts\/13136"}],"collection":[{"href":"https:\/\/www.photoclubsavenay.com\/blogWP\/wp-json\/wp\/v2\/posts"}],"about":[{"href":"https:\/\/www.photoclubsavenay.com\/blogWP\/wp-json\/wp\/v2\/types\/post"}],"author":[{"embeddable":true,"href":"https:\/\/www.photoclubsavenay.com\/blogWP\/wp-json\/wp\/v2\/users\/412"}],"replies":[{"embeddable":true,"href":"https:\/\/www.photoclubsavenay.com\/blogWP\/wp-json\/wp\/v2\/comments?post=13136"}],"version-history":[{"count":0,"href":"https:\/\/www.photoclubsavenay.com\/blogWP\/wp-json\/wp\/v2\/posts\/13136\/revisions"}],"wp:featuredmedia":[{"embeddable":true,"href":"https:\/\/www.photoclubsavenay.com\/blogWP\/wp-json\/wp\/v2\/media\/12443"}],"wp:attachment":[{"href":"https:\/\/www.photoclubsavenay.com\/blogWP\/wp-json\/wp\/v2\/media?parent=13136"}],"wp:term":[{"taxonomy":"category","embeddable":true,"href":"https:\/\/www.photoclubsavenay.com\/blogWP\/wp-json\/wp\/v2\/categories?post=13136"},{"taxonomy":"post_tag","embeddable":true,"href":"https:\/\/www.photoclubsavenay.com\/blogWP\/wp-json\/wp\/v2\/tags?post=13136"}],"curies":[{"name":"wp","href":"https:\/\/api.w.org\/{rel}","templated":true}]}}