{"id":13170,"date":"2023-03-06T19:57:25","date_gmt":"2023-03-06T18:57:25","guid":{"rendered":"http:\/\/www.photoclubsavenay.com\/blogWP\/?p=13170"},"modified":"2023-03-06T20:10:07","modified_gmt":"2023-03-06T19:10:07","slug":"presentation-auteur-du-03-mars-2023","status":"publish","type":"post","link":"https:\/\/www.photoclubsavenay.com\/blogWP\/presentation-auteur-du-03-mars-2023\/","title":{"rendered":"Pr\u00e9sentation auteur du 03 mars 2023"},"content":{"rendered":"\n<div class=\"wp-block-uagb-container uagb-block-ade98705 alignfull uagb-is-root-container\"><div class=\"uagb-container-inner-blocks-wrap\">\n<div class=\"wp-block-uagb-container uagb-block-3bb17e43 alignfull uagb-is-root-container\"><div class=\"uagb-container-inner-blocks-wrap\">\n<div class=\"wp-block-uagb-container uagb-block-ccb02914\">\n<div class=\"wp-block-uagb-advanced-heading uagb-block-c446ffb0\"><h2 class=\"uagb-heading-text\">Voici la pr\u00e9sentation de <br><br>Bernard DESCAMPS<\/h2><\/div>\n<\/div>\n\n\n\n<div class=\"wp-block-uagb-container uagb-block-5d5e19e5\">\n<div class=\"wp-block-uagb-image uagb-block-4b28a72c wp-block-uagb-image--layout-default wp-block-uagb-image--effect-static wp-block-uagb-image--align-none\"><figure class=\"wp-block-uagb-image__figure\"><img decoding=\"async\" srcset=\"https:\/\/www.photoclubsavenay.com\/blogWP\/wp-content\/uploads\/2023\/03\/Capture-decran-2023-03-06-200716.jpg \" src=\"https:\/\/www.photoclubsavenay.com\/blogWP\/wp-content\/uploads\/2023\/03\/Capture-decran-2023-03-06-200716.jpg\" alt=\"\" class=\"uag-image-13172\" title=\"\" loading=\"lazy\"\/><\/figure><\/div>\n<\/div>\n<\/div><\/div>\n\n\n\n<div class=\"wp-block-uagb-container uagb-block-8302adcb\">\n<div class=\"wp-block-uagb-container uagb-block-dc669865 alignfull uagb-is-root-container\"><div class=\"uagb-container-inner-blocks-wrap\">\n<div class=\"wp-block-uagb-container uagb-block-579c4408\">\n<div class=\"wp-block-uagb-advanced-heading uagb-block-4ba44481\"><p class=\"uagb-heading-text\"><strong>N\u00e9 le 16 janvier 1947<\/strong><br>Biologiste de formation, \u00e9tait enseignant chercheur en physiologie animale entre 1972 et1978 avant de ne se consacrer plus qu\u2019\u00e0 la photographie<br>R\u00e9side \u00e0 Chinon<br>Compagne : la photographe Christine Lefebvre<br>Publi\u00e9 pour la 1\u00e8re fois en 1974 dans la revue suisse Camera<br>1\u00e8re expo en 1975 \u00e0 la BN Paris avec de jeunes photographes comme lui (Bernard Plossu, Eddie Kuligowski et Bruno R\u00e9quillart)<br>Co-fondateur de l\u2019agence VU en 1986<br>1994 co fondateur avec Fran\u00e7oise Huguier des rencontres de la photographie africaine de Bamako<br>Entre 1994 et 2012, il est directeur artistique d\u2019une galerie \u00e0 Gap<br>Il est repr\u00e9sent\u00e9 actuellement par la Galerie Camera Obscura et Box Galerie \u00e0 Bruxelles<br><br>SON APPROCHE PHOTOGRAPHIQUE<br><br>(R\u00e9flexions extraites d\u2019une conf\u00e9rence qu\u2019il a donn\u00e9e en 2017 \u00e0 la Cit\u00e9 de l\u2019Architecture et du Patrimoine => en acc\u00e8s sur Youtube , je vous envoie le lien).<br><br>\u00ab Je photographie le rapport des gens avec leur terre \u00bb<br>\u00ab La r\u00e9alit\u00e9 n\u2019est pas que mis\u00e8re ou violence \u00bb<br>\u00ab On photographie les images que l\u2019on a en t\u00eate \u00bb<br>\u00ab Photographier, c\u2019est \u00e9liminer \u00bb<br>\u00ab Je marche beaucoup et j\u2019attends \u00bb<br>\u00ab Faire trop de photos, c\u2019est inqui\u00e9tant ! Il faut rester ouvert \u00e0 des rencontres potentielles ;<br>si on ne fait pas de \u00ab rencontre \u00bb, pas besoin de faire de photo. \u00bb<br>\u00ab Savoir regarder ses propres photos non pas comme un photographe, mais comme un spectateur \u00bb<br>\u00ab Le r\u00f4le de la photo, c\u2019est arr\u00eater le temps et se dire que les choses ne sont pas comme on pense \u00bb<br>\u00ab Regarder en se d\u00e9tachant de son travail, longtemps apr\u00e8s \u00bb<br>\u00ab Ce qui est important chez un photographe, c\u2019est sa propre vision du monde. Ce n\u2019est pas<br>qu\u2019il \u00ab r\u00e9ussisse \u00bb quelques bonnes images, mais qu\u2019il ait un regard original et sinc\u00e8re sur le monde et surtout d\u2019\u00eatre le plus personnel possible \u00bb<br>Il s\u2019int\u00e9resse principalement \u00e0 tout ce qui touche \u00e0 la nature, l\u2019environnement, aux rapports entre l\u2019homme et la terre<br>En argentique<br>Format 6&#215;6 carr\u00e9 : plus grde finesse du n\u00e9gatif. Il casse la r\u00e8gle du 24&#215;36 => traduire<br>l\u2019espace dans un carr\u00e9, c\u2019est un challenge !<br>Au d\u00e9part, travaillait avec un \u00ab petit grand angle \u00bb avec un 35 mm. Maintenant 160 en format 6&#215;6 => mini t\u00e9l\u00e9objectif qui permet de ramener les choses \u00e0 la verticale, de redresser et centrer.<br>Est souvent en vision frontale : pas de plong\u00e9e ou contre plong\u00e9e => \u00e9conomie de moyens techniques. Se met \u00e0 hauteur d\u2019oeil.<br>Il se dit avoir \u00e9t\u00e9 inspir\u00e9 dans son travail par A. Kertesz dont il dit qu\u2019il avait \u00ab l\u2019oeil d\u2019un oiseau \u00bb.<br>Il a voyag\u00e9 dans de nombreux pays et a rencontr\u00e9 diff\u00e9rentes populations (Mali, Inde, Japon, Venezuela, Vietnam, Madagascar, Maroc, etc). Et pourtant, il ne fait pas de la \u00ab photo de voyage \u00bb : il va qqpart avec un but et il y reste. (ex : peuple pygm\u00e9e : il y passe<br>plusieurs semaines).<br>Tr\u00e8s construites graphiquement, ses images ont toujours empreintes de finesse, de po\u00e9sie, de spiritualit\u00e9 et il nous am\u00e8ne \u00e0 voir ce qu\u2019il y a au-del\u00e0 de l\u2019image<\/p><\/div>\n<\/div>\n\n\n\n<div class=\"wp-block-uagb-container uagb-block-6043dd89\">\n<div data-wp-interactive=\"core\/file\" class=\"wp-block-file\"><object data-wp-bind--hidden=\"!state.hasPdfPreview\"  class=\"wp-block-file__embed\" data=\"http:\/\/www.photoclubsavenay.com\/blogWP\/wp-content\/uploads\/2023\/03\/Presentation-B.-Descamps-PCS-3-mars-2023.pdf\" type=\"application\/pdf\" style=\"width:100%;height:1832px\" aria-label=\"Contenu embarqu\u00e9 Presentation-B.-Descamps-PCS-3-mars-2023.\"><\/object><a id=\"wp-block-file--media-1af3c15f-2fa8-4b77-a9a8-4a6eede6c920\" href=\"http:\/\/www.photoclubsavenay.com\/blogWP\/wp-content\/uploads\/2023\/03\/Presentation-B.-Descamps-PCS-3-mars-2023.pdf\">Presentation-B.-Descamps-PCS-3-mars-2023<\/a><a href=\"http:\/\/www.photoclubsavenay.com\/blogWP\/wp-content\/uploads\/2023\/03\/Presentation-B.-Descamps-PCS-3-mars-2023.pdf\" class=\"wp-block-file__button wp-element-button\" download aria-describedby=\"wp-block-file--media-1af3c15f-2fa8-4b77-a9a8-4a6eede6c920\">T\u00e9l\u00e9charger<\/a><\/div>\n<\/div>\n<\/div><\/div>\n<\/div>\n<\/div><\/div>\n","protected":false},"excerpt":{"rendered":"<p>Voici la pr\u00e9sentation de Bernard DESCAMPS N\u00e9 le 16 janvier 1947Biologiste de formation, \u00e9tait enseignant chercheur en physiologie animale entre 1972 et1978 avant de ne se consacrer plus qu\u2019\u00e0 la photographieR\u00e9side \u00e0 ChinonCompagne : la photographe Christine LefebvrePubli\u00e9 pour la 1\u00e8re fois en 1974 dans la revue suisse Camera1\u00e8re expo en 1975 \u00e0 la BN [&hellip;]<\/p>\n","protected":false},"author":482,"featured_media":13172,"comment_status":"closed","ping_status":"closed","sticky":false,"template":"","format":"standard","meta":{"_uag_custom_page_level_css":"","site-sidebar-layout":"","site-content-layout":"","ast-site-content-layout":"default","site-content-style":"default","site-sidebar-style":"default","ast-global-header-display":"","ast-banner-title-visibility":"","ast-main-header-display":"","ast-hfb-above-header-display":"","ast-hfb-below-header-display":"","ast-hfb-mobile-header-display":"","site-post-title":"","ast-breadcrumbs-content":"","ast-featured-img":"","footer-sml-layout":"","ast-disable-related-posts":"","theme-transparent-header-meta":"","adv-header-id-meta":"","stick-header-meta":"","header-above-stick-meta":"","header-main-stick-meta":"","header-below-stick-meta":"","astra-migrate-meta-layouts":"default","ast-page-background-enabled":"default","ast-page-background-meta":{"desktop":{"background-color":"","background-image":"","background-repeat":"repeat","background-position":"center center","background-size":"auto","background-attachment":"scroll","background-type":"","background-media":"","overlay-type":"","overlay-color":"","overlay-opacity":"","overlay-gradient":""},"tablet":{"background-color":"","background-image":"","background-repeat":"repeat","background-position":"center center","background-size":"auto","background-attachment":"scroll","background-type":"","background-media":"","overlay-type":"","overlay-color":"","overlay-opacity":"","overlay-gradient":""},"mobile":{"background-color":"","background-image":"","background-repeat":"repeat","background-position":"center center","background-size":"auto","background-attachment":"scroll","background-type":"","background-media":"","overlay-type":"","overlay-color":"","overlay-opacity":"","overlay-gradient":""}},"ast-content-background-meta":{"desktop":{"background-color":"var(--ast-global-color-5)","background-image":"","background-repeat":"repeat","background-position":"center center","background-size":"auto","background-attachment":"scroll","background-type":"","background-media":"","overlay-type":"","overlay-color":"","overlay-opacity":"","overlay-gradient":""},"tablet":{"background-color":"var(--ast-global-color-5)","background-image":"","background-repeat":"repeat","background-position":"center center","background-size":"auto","background-attachment":"scroll","background-type":"","background-media":"","overlay-type":"","overlay-color":"","overlay-opacity":"","overlay-gradient":""},"mobile":{"background-color":"var(--ast-global-color-5)","background-image":"","background-repeat":"repeat","background-position":"center center","background-size":"auto","background-attachment":"scroll","background-type":"","background-media":"","overlay-type":"","overlay-color":"","overlay-opacity":"","overlay-gradient":""}},"cybocfi_hide_featured_image":"yes","footnotes":""},"categories":[97],"tags":[],"class_list":["post-13170","post","type-post","status-publish","format-standard","has-post-thumbnail","hentry","category-infos-membres"],"uagb_featured_image_src":{"full":["https:\/\/www.photoclubsavenay.com\/blogWP\/wp-content\/uploads\/2023\/03\/Capture-decran-2023-03-06-200716.jpg",961,970,false],"thumbnail":["https:\/\/www.photoclubsavenay.com\/blogWP\/wp-content\/uploads\/2023\/03\/Capture-decran-2023-03-06-200716-150x150.jpg",150,150,true],"medium":["https:\/\/www.photoclubsavenay.com\/blogWP\/wp-content\/uploads\/2023\/03\/Capture-decran-2023-03-06-200716-297x300.jpg",297,300,true],"medium_large":["https:\/\/www.photoclubsavenay.com\/blogWP\/wp-content\/uploads\/2023\/03\/Capture-decran-2023-03-06-200716-768x775.jpg",768,775,true],"large":["https:\/\/www.photoclubsavenay.com\/blogWP\/wp-content\/uploads\/2023\/03\/Capture-decran-2023-03-06-200716.jpg",961,970,false],"1536x1536":["https:\/\/www.photoclubsavenay.com\/blogWP\/wp-content\/uploads\/2023\/03\/Capture-decran-2023-03-06-200716.jpg",961,970,false],"2048x2048":["https:\/\/www.photoclubsavenay.com\/blogWP\/wp-content\/uploads\/2023\/03\/Capture-decran-2023-03-06-200716.jpg",961,970,false]},"uagb_author_info":{"display_name":"PhotoClub Savenay","author_link":"https:\/\/www.photoclubsavenay.com\/blogWP\/author\/photoclubsavenay\/"},"uagb_comment_info":0,"uagb_excerpt":"Voici la pr\u00e9sentation de Bernard DESCAMPS N\u00e9 le 16 janvier 1947Biologiste de formation, \u00e9tait enseignant chercheur en physiologie animale entre 1972 et1978 avant de ne se consacrer plus qu\u2019\u00e0 la photographieR\u00e9side \u00e0 ChinonCompagne : la photographe Christine LefebvrePubli\u00e9 pour la 1\u00e8re fois en 1974 dans la revue suisse Camera1\u00e8re expo en 1975 \u00e0 la BN\u2026","_links":{"self":[{"href":"https:\/\/www.photoclubsavenay.com\/blogWP\/wp-json\/wp\/v2\/posts\/13170"}],"collection":[{"href":"https:\/\/www.photoclubsavenay.com\/blogWP\/wp-json\/wp\/v2\/posts"}],"about":[{"href":"https:\/\/www.photoclubsavenay.com\/blogWP\/wp-json\/wp\/v2\/types\/post"}],"author":[{"embeddable":true,"href":"https:\/\/www.photoclubsavenay.com\/blogWP\/wp-json\/wp\/v2\/users\/482"}],"replies":[{"embeddable":true,"href":"https:\/\/www.photoclubsavenay.com\/blogWP\/wp-json\/wp\/v2\/comments?post=13170"}],"version-history":[{"count":0,"href":"https:\/\/www.photoclubsavenay.com\/blogWP\/wp-json\/wp\/v2\/posts\/13170\/revisions"}],"wp:featuredmedia":[{"embeddable":true,"href":"https:\/\/www.photoclubsavenay.com\/blogWP\/wp-json\/wp\/v2\/media\/13172"}],"wp:attachment":[{"href":"https:\/\/www.photoclubsavenay.com\/blogWP\/wp-json\/wp\/v2\/media?parent=13170"}],"wp:term":[{"taxonomy":"category","embeddable":true,"href":"https:\/\/www.photoclubsavenay.com\/blogWP\/wp-json\/wp\/v2\/categories?post=13170"},{"taxonomy":"post_tag","embeddable":true,"href":"https:\/\/www.photoclubsavenay.com\/blogWP\/wp-json\/wp\/v2\/tags?post=13170"}],"curies":[{"name":"wp","href":"https:\/\/api.w.org\/{rel}","templated":true}]}}