{"id":13185,"date":"2023-03-26T19:49:34","date_gmt":"2023-03-26T17:49:34","guid":{"rendered":"http:\/\/www.photoclubsavenay.com\/blogWP\/?p=13185"},"modified":"2023-04-20T19:52:51","modified_gmt":"2023-04-20T17:52:51","slug":"seance-du-24-mars-2023","status":"publish","type":"post","link":"https:\/\/www.photoclubsavenay.com\/blogWP\/seance-du-24-mars-2023\/","title":{"rendered":"S\u00e9ance du 24 mars 2023"},"content":{"rendered":"\n<div class=\"wp-block-uagb-container uagb-block-24176848 alignfull uagb-is-root-container\"><div class=\"uagb-container-inner-blocks-wrap\">\n<div class=\"wp-block-uagb-advanced-heading uagb-block-6c14fbaf\"><p class=\"uagb-heading-text\"><strong>Compte-rendu de la s\u00e9ance du<\/strong> <strong>24.03.2023<\/strong><br>Pr\u00e9sents\u00a0: 15 personnes<br><br><strong>Retour sur l\u2019intervention de JC LEMEE<\/strong><br>&#8211; S\u00e9ance passionnante, mais monologue<br><br><strong>Rappel des intervenants<\/strong><br>&#8211; Michel Portes interviendra le vendredi 28 avril pour parler et pratiquer la photo de studio.<br>&#8211; Guillaume Noury vient le vendredi 5 mai sur l\u2019editing photo<br><br><strong>LAP<\/strong><br>&#8211; Retour sur l\u2019expo de la S\u00e9lection 2022 \u00e0 Cou\u00ebron, 1650 visiteurs<br>&#8211; Reste des places pour les formations<br><br><strong>Expo de Campbon du 8 au 16 avril 2023\u00a0:<\/strong><br>&#8211; Relance du planning des permanences,<br><a rel=\"noreferrer noopener\" href=\"https:\/\/docs.google.com\/spreadsheets\/d\/1w8H6UYgTHVSbsvSPXCDxR92tsHgzCv1Pzsj2O7Y1o7o\/edit?usp=sharing\" target=\"_blank\">https:\/\/docs.google.com\/spreadsheets\/d\/1w8H6UYgTHVSbsvSPXCDxR92tsHgzCv1Pzsj2O7Y1o7o\/edit?usp=sharing<\/a><br><br>&#8211; Pr\u00e9voir la r\u00e9servation de la salle pour le montage sous cadre le mercredi 5 avril,<br><br><strong>Expo de Savenay du 2 au 11 juin 2023<\/strong><br> Les th\u00e8mes pour cette expo sont <strong>Le Vent , La Poussi\u00e8re, ainsi qu\u2019un th\u00e8me libre<\/strong>.<br>Date butoir pour d\u00e9poser vos photos le 3 avril afin de pr\u00e9parer l\u2019affiche et lancer les invitations au vernissage le plus t\u00f4t possible pour \u00e9viter de nous retrouver dans la m\u00eame position qu\u2019en novembre.<br><br><strong>Projection de photos :<\/strong><br>Nous avons visionn\u00e9 les photos pour l\u2019expo de Savenay remont\u00e9es sur Joom\u00e9o,<br>Th\u00e8me Poussi\u00e8re\u00a0:<br>Dominique P. a post\u00e9 6 photos,<br>Mathieu a post\u00e9 1 photos,<br>Jean-Paul a post\u00e9 3 photos,<br><br>Th\u00e8me Vent\u00a0:<br>Evelyne a post\u00e9 3 photos,<br>Jean-Fran\u00e7ois R. a post\u00e9 1 photos,<br>Fran\u00e7ois J. a post\u00e9 2 photos,<br>Francis a post\u00e9 3 photos,<br>Laurence a post\u00e9 3 photos,<br>Jean-Paul a post\u00e9 3 photos,<br><br>Th\u00e8me libre pour l\u2019expo\u00a0:<br>Fran\u00e7ois R. a post\u00e9 9 photos,<br>Fran\u00e7ois J. a post\u00e9 4 photos,<br>Emma a post\u00e9 1 photos,<br><br>Projection depuis une cl\u00e9 usb<br>Bernard a pr\u00e9sent\u00e9 des photos tir\u00e9es depuis des diapos et retravaill\u00e9es, une s\u00e9rie est sortie du volet pour int\u00e9grer le th\u00e8me vent.<br>Wilfred a pr\u00e9sent\u00e9 des photos sur le th\u00e8me du vent.<br>Claude a pr\u00e9sent\u00e9 une s\u00e9rie de photos sur le th\u00e8me de la poussi\u00e8re.<br><br>Puis le reste la soir\u00e9e autour des PC<br><br>Prochain rendez-vous le 7 avril \u00e0 Campbon pour le montage de l\u2019expo.<br>Prochaine s\u00e9ance le 21 avril avec le concours du mois \u2018Ras du Sol\u2019<\/p><\/div>\n<\/div><\/div>\n","protected":false},"excerpt":{"rendered":"<p>Compte-rendu de la s\u00e9ance du 24.03.2023Pr\u00e9sents\u00a0: 15 personnes Retour sur l\u2019intervention de JC LEMEE&#8211; S\u00e9ance passionnante, mais monologue Rappel des intervenants&#8211; Michel Portes interviendra le vendredi 28 avril pour parler et pratiquer la photo de studio.&#8211; Guillaume Noury vient le vendredi 5 mai sur l\u2019editing photo LAP&#8211; Retour sur l\u2019expo de la S\u00e9lection 2022 \u00e0 [&hellip;]<\/p>\n","protected":false},"author":412,"featured_media":12443,"comment_status":"closed","ping_status":"closed","sticky":false,"template":"","format":"standard","meta":{"_uag_custom_page_level_css":"","site-sidebar-layout":"","site-content-layout":"","ast-site-content-layout":"default","site-content-style":"default","site-sidebar-style":"default","ast-global-header-display":"","ast-banner-title-visibility":"","ast-main-header-display":"","ast-hfb-above-header-display":"","ast-hfb-below-header-display":"","ast-hfb-mobile-header-display":"","site-post-title":"","ast-breadcrumbs-content":"","ast-featured-img":"","footer-sml-layout":"","ast-disable-related-posts":"","theme-transparent-header-meta":"","adv-header-id-meta":"","stick-header-meta":"","header-above-stick-meta":"","header-main-stick-meta":"","header-below-stick-meta":"","astra-migrate-meta-layouts":"default","ast-page-background-enabled":"default","ast-page-background-meta":{"desktop":{"background-color":"","background-image":"","background-repeat":"repeat","background-position":"center center","background-size":"auto","background-attachment":"scroll","background-type":"","background-media":"","overlay-type":"","overlay-color":"","overlay-opacity":"","overlay-gradient":""},"tablet":{"background-color":"","background-image":"","background-repeat":"repeat","background-position":"center center","background-size":"auto","background-attachment":"scroll","background-type":"","background-media":"","overlay-type":"","overlay-color":"","overlay-opacity":"","overlay-gradient":""},"mobile":{"background-color":"","background-image":"","background-repeat":"repeat","background-position":"center center","background-size":"auto","background-attachment":"scroll","background-type":"","background-media":"","overlay-type":"","overlay-color":"","overlay-opacity":"","overlay-gradient":""}},"ast-content-background-meta":{"desktop":{"background-color":"var(--ast-global-color-5)","background-image":"","background-repeat":"repeat","background-position":"center center","background-size":"auto","background-attachment":"scroll","background-type":"","background-media":"","overlay-type":"","overlay-color":"","overlay-opacity":"","overlay-gradient":""},"tablet":{"background-color":"var(--ast-global-color-5)","background-image":"","background-repeat":"repeat","background-position":"center center","background-size":"auto","background-attachment":"scroll","background-type":"","background-media":"","overlay-type":"","overlay-color":"","overlay-opacity":"","overlay-gradient":""},"mobile":{"background-color":"var(--ast-global-color-5)","background-image":"","background-repeat":"repeat","background-position":"center center","background-size":"auto","background-attachment":"scroll","background-type":"","background-media":"","overlay-type":"","overlay-color":"","overlay-opacity":"","overlay-gradient":""}},"cybocfi_hide_featured_image":"yes","footnotes":""},"categories":[97],"tags":[],"class_list":["post-13185","post","type-post","status-publish","format-standard","has-post-thumbnail","hentry","category-infos-membres"],"uagb_featured_image_src":{"full":["https:\/\/www.photoclubsavenay.com\/blogWP\/wp-content\/uploads\/2022\/12\/Seances.png",1080,1080,false],"thumbnail":["https:\/\/www.photoclubsavenay.com\/blogWP\/wp-content\/uploads\/2022\/12\/Seances-150x150.png",150,150,true],"medium":["https:\/\/www.photoclubsavenay.com\/blogWP\/wp-content\/uploads\/2022\/12\/Seances-300x300.png",300,300,true],"medium_large":["https:\/\/www.photoclubsavenay.com\/blogWP\/wp-content\/uploads\/2022\/12\/Seances-768x768.png",768,768,true],"large":["https:\/\/www.photoclubsavenay.com\/blogWP\/wp-content\/uploads\/2022\/12\/Seances-1024x1024.png",1024,1024,true],"1536x1536":["https:\/\/www.photoclubsavenay.com\/blogWP\/wp-content\/uploads\/2022\/12\/Seances.png",1080,1080,false],"2048x2048":["https:\/\/www.photoclubsavenay.com\/blogWP\/wp-content\/uploads\/2022\/12\/Seances.png",1080,1080,false]},"uagb_author_info":{"display_name":"Nathalie Bezier","author_link":"https:\/\/www.photoclubsavenay.com\/blogWP\/author\/nathalie-b\/"},"uagb_comment_info":0,"uagb_excerpt":"Compte-rendu de la s\u00e9ance du 24.03.2023Pr\u00e9sents\u00a0: 15 personnes Retour sur l\u2019intervention de JC LEMEE&#8211; S\u00e9ance passionnante, mais monologue Rappel des intervenants&#8211; Michel Portes interviendra le vendredi 28 avril pour parler et pratiquer la photo de studio.&#8211; Guillaume Noury vient le vendredi 5 mai sur l\u2019editing photo LAP&#8211; Retour sur l\u2019expo de la S\u00e9lection 2022 \u00e0\u2026","_links":{"self":[{"href":"https:\/\/www.photoclubsavenay.com\/blogWP\/wp-json\/wp\/v2\/posts\/13185"}],"collection":[{"href":"https:\/\/www.photoclubsavenay.com\/blogWP\/wp-json\/wp\/v2\/posts"}],"about":[{"href":"https:\/\/www.photoclubsavenay.com\/blogWP\/wp-json\/wp\/v2\/types\/post"}],"author":[{"embeddable":true,"href":"https:\/\/www.photoclubsavenay.com\/blogWP\/wp-json\/wp\/v2\/users\/412"}],"replies":[{"embeddable":true,"href":"https:\/\/www.photoclubsavenay.com\/blogWP\/wp-json\/wp\/v2\/comments?post=13185"}],"version-history":[{"count":0,"href":"https:\/\/www.photoclubsavenay.com\/blogWP\/wp-json\/wp\/v2\/posts\/13185\/revisions"}],"wp:featuredmedia":[{"embeddable":true,"href":"https:\/\/www.photoclubsavenay.com\/blogWP\/wp-json\/wp\/v2\/media\/12443"}],"wp:attachment":[{"href":"https:\/\/www.photoclubsavenay.com\/blogWP\/wp-json\/wp\/v2\/media?parent=13185"}],"wp:term":[{"taxonomy":"category","embeddable":true,"href":"https:\/\/www.photoclubsavenay.com\/blogWP\/wp-json\/wp\/v2\/categories?post=13185"},{"taxonomy":"post_tag","embeddable":true,"href":"https:\/\/www.photoclubsavenay.com\/blogWP\/wp-json\/wp\/v2\/tags?post=13185"}],"curies":[{"name":"wp","href":"https:\/\/api.w.org\/{rel}","templated":true}]}}