{"id":13239,"date":"2023-05-23T19:53:11","date_gmt":"2023-05-23T17:53:11","guid":{"rendered":"https:\/\/www.photoclubsavenay.com\/blogWP\/?p=13239"},"modified":"2023-05-23T19:56:42","modified_gmt":"2023-05-23T17:56:42","slug":"seance-du-12-mai-2023","status":"publish","type":"post","link":"https:\/\/www.photoclubsavenay.com\/blogWP\/seance-du-12-mai-2023\/","title":{"rendered":"S\u00e9ance du 12 Mai 2023"},"content":{"rendered":"\n<div class=\"wp-block-uagb-container uagb-block-0c0cbc50 alignfull uagb-is-root-container\"><div class=\"uagb-container-inner-blocks-wrap\">\n<div class=\"wp-block-uagb-advanced-heading uagb-block-f614f59c\"><p class=\"uagb-heading-text\"><strong>Compte-rendu de la s\u00e9ance du 12.05.2023<\/strong><br><br><strong><strong>Expo Savenay<\/strong><br>&#8211; Date butoir pour d\u00e9poser les photos \u00e0 imprimer par le club&nbsp;: vendredi 19 mai<br>&#8211; Pour rappel, le club dispose de marie-louise 30x20cm et 20x20cm,<br>&#8211; Merci de remplir le tableau des permanences de l\u2019expo, pour rappel, ceux qui exposent sont tenus de participer \u00e0 minimum 2 permanences, \u00e7a n\u2019emp\u00eachent pas les autres membres du club \u00e0 participer aux permanences. Plus on est de fous, plus on rit, il faut un minimum de 2 personnes \u00e0 chaque cr\u00e9neau, hormis la mise sous cadre, le montage\/d\u00e9montage et le vernissage o\u00f9 tout le monde est le bienvenu.<br><br><a rel=\"noreferrer noopener\" href=\"https:\/\/docs.google.com\/spreadsheets\/d\/1PkG4pvI4v7pQUnjuZ9jrs_5gs_IU7U7p\/edit?usp=share_link&amp;ouid=113493493159875083906&amp;rtpof=true&amp;sd=true\" target=\"_blank\">https:\/\/docs.google.com\/spreadsheets\/d\/1PkG4pvI4v7pQUnjuZ9jrs_5gs_IU7U7p\/edit?usp=share_link&amp;ouid=113493493159875083906&amp;rtpof=true&amp;sd=true<\/a><br><br><strong>Concours Th\u00e8me \u2018Seul\u2019&nbsp;:<\/strong><br>15 photos pr\u00e9sent\u00e9es,<br>F\u00e9licitations \u00e0 Wilfried et Catherine en seconde position.<br><br>Prochain th\u00e8me du concours <strong>\u2018Courbes\u2019 qui aura lieu le 16 juin<\/strong>.<br><br>Claude, Adeline, Martine et Wilfried nous ont propos\u00e9 d\u2019autres photos sur le th\u00e8me du concours qu\u2019ils n\u2019ont pas retenus, ainsi que Catherine qui a \u00e9galement pr\u00e9sent\u00e9 sa photo sur le dernier th\u00e8me \u2018Ras du sol\u2019 recadr\u00e9e.<br><br><strong>Projection de photos :<\/strong><br>Nous avons visionn\u00e9 des photos depuis une cl\u00e9 USB<br>&#8211; Martine sur la Bri\u00e8re,<br>&#8211; Bernard nous a montr\u00e9 des photos de fleurs et de macro,<br>&#8211; Aude nous a pr\u00e9sent\u00e9 ses premi\u00e8res photos sur les prochains th\u00e8mes de l\u2019expo de novembre, \u2018l\u2019eau dans tous ses \u00e9tats et Minimaliste\u2019.<br><br>Pr\u00e9sentation papier<br>&#8211; Alain L-S, Jean-Paul et Fran\u00e7ois R. ont apport\u00e9 des tirages papier.<br><br>Prochaine soir\u00e9e le 26 mai autour des PC.<\/strong><\/p><\/div>\n<\/div><\/div>\n","protected":false},"excerpt":{"rendered":"<p>Compte-rendu de la s\u00e9ance du 12.05.2023 Expo Savenay&#8211; Date butoir pour d\u00e9poser les photos \u00e0 imprimer par le club&nbsp;: vendredi 19 mai&#8211; Pour rappel, le club dispose de marie-louise 30x20cm et 20x20cm,&#8211; Merci de remplir le tableau des permanences de l\u2019expo, pour rappel, ceux qui exposent sont tenus de participer \u00e0 minimum 2 permanences, \u00e7a [&hellip;]<\/p>\n","protected":false},"author":412,"featured_media":12443,"comment_status":"closed","ping_status":"closed","sticky":false,"template":"","format":"standard","meta":{"_uag_custom_page_level_css":"","site-sidebar-layout":"","site-content-layout":"","ast-site-content-layout":"default","site-content-style":"default","site-sidebar-style":"default","ast-global-header-display":"","ast-banner-title-visibility":"","ast-main-header-display":"","ast-hfb-above-header-display":"","ast-hfb-below-header-display":"","ast-hfb-mobile-header-display":"","site-post-title":"","ast-breadcrumbs-content":"","ast-featured-img":"","footer-sml-layout":"","ast-disable-related-posts":"","theme-transparent-header-meta":"","adv-header-id-meta":"","stick-header-meta":"","header-above-stick-meta":"","header-main-stick-meta":"","header-below-stick-meta":"","astra-migrate-meta-layouts":"default","ast-page-background-enabled":"default","ast-page-background-meta":{"desktop":{"background-color":"","background-image":"","background-repeat":"repeat","background-position":"center center","background-size":"auto","background-attachment":"scroll","background-type":"","background-media":"","overlay-type":"","overlay-color":"","overlay-opacity":"","overlay-gradient":""},"tablet":{"background-color":"","background-image":"","background-repeat":"repeat","background-position":"center center","background-size":"auto","background-attachment":"scroll","background-type":"","background-media":"","overlay-type":"","overlay-color":"","overlay-opacity":"","overlay-gradient":""},"mobile":{"background-color":"","background-image":"","background-repeat":"repeat","background-position":"center center","background-size":"auto","background-attachment":"scroll","background-type":"","background-media":"","overlay-type":"","overlay-color":"","overlay-opacity":"","overlay-gradient":""}},"ast-content-background-meta":{"desktop":{"background-color":"var(--ast-global-color-5)","background-image":"","background-repeat":"repeat","background-position":"center center","background-size":"auto","background-attachment":"scroll","background-type":"","background-media":"","overlay-type":"","overlay-color":"","overlay-opacity":"","overlay-gradient":""},"tablet":{"background-color":"var(--ast-global-color-5)","background-image":"","background-repeat":"repeat","background-position":"center center","background-size":"auto","background-attachment":"scroll","background-type":"","background-media":"","overlay-type":"","overlay-color":"","overlay-opacity":"","overlay-gradient":""},"mobile":{"background-color":"var(--ast-global-color-5)","background-image":"","background-repeat":"repeat","background-position":"center center","background-size":"auto","background-attachment":"scroll","background-type":"","background-media":"","overlay-type":"","overlay-color":"","overlay-opacity":"","overlay-gradient":""}},"cybocfi_hide_featured_image":"yes","footnotes":""},"categories":[97],"tags":[],"class_list":["post-13239","post","type-post","status-publish","format-standard","has-post-thumbnail","hentry","category-infos-membres"],"uagb_featured_image_src":{"full":["https:\/\/www.photoclubsavenay.com\/blogWP\/wp-content\/uploads\/2022\/12\/Seances.png",1080,1080,false],"thumbnail":["https:\/\/www.photoclubsavenay.com\/blogWP\/wp-content\/uploads\/2022\/12\/Seances-150x150.png",150,150,true],"medium":["https:\/\/www.photoclubsavenay.com\/blogWP\/wp-content\/uploads\/2022\/12\/Seances-300x300.png",300,300,true],"medium_large":["https:\/\/www.photoclubsavenay.com\/blogWP\/wp-content\/uploads\/2022\/12\/Seances-768x768.png",768,768,true],"large":["https:\/\/www.photoclubsavenay.com\/blogWP\/wp-content\/uploads\/2022\/12\/Seances-1024x1024.png",1024,1024,true],"1536x1536":["https:\/\/www.photoclubsavenay.com\/blogWP\/wp-content\/uploads\/2022\/12\/Seances.png",1080,1080,false],"2048x2048":["https:\/\/www.photoclubsavenay.com\/blogWP\/wp-content\/uploads\/2022\/12\/Seances.png",1080,1080,false]},"uagb_author_info":{"display_name":"Nathalie Bezier","author_link":"https:\/\/www.photoclubsavenay.com\/blogWP\/author\/nathalie-b\/"},"uagb_comment_info":0,"uagb_excerpt":"Compte-rendu de la s\u00e9ance du 12.05.2023 Expo Savenay&#8211; Date butoir pour d\u00e9poser les photos \u00e0 imprimer par le club&nbsp;: vendredi 19 mai&#8211; Pour rappel, le club dispose de marie-louise 30x20cm et 20x20cm,&#8211; Merci de remplir le tableau des permanences de l\u2019expo, pour rappel, ceux qui exposent sont tenus de participer \u00e0 minimum 2 permanences, \u00e7a\u2026","_links":{"self":[{"href":"https:\/\/www.photoclubsavenay.com\/blogWP\/wp-json\/wp\/v2\/posts\/13239"}],"collection":[{"href":"https:\/\/www.photoclubsavenay.com\/blogWP\/wp-json\/wp\/v2\/posts"}],"about":[{"href":"https:\/\/www.photoclubsavenay.com\/blogWP\/wp-json\/wp\/v2\/types\/post"}],"author":[{"embeddable":true,"href":"https:\/\/www.photoclubsavenay.com\/blogWP\/wp-json\/wp\/v2\/users\/412"}],"replies":[{"embeddable":true,"href":"https:\/\/www.photoclubsavenay.com\/blogWP\/wp-json\/wp\/v2\/comments?post=13239"}],"version-history":[{"count":0,"href":"https:\/\/www.photoclubsavenay.com\/blogWP\/wp-json\/wp\/v2\/posts\/13239\/revisions"}],"wp:featuredmedia":[{"embeddable":true,"href":"https:\/\/www.photoclubsavenay.com\/blogWP\/wp-json\/wp\/v2\/media\/12443"}],"wp:attachment":[{"href":"https:\/\/www.photoclubsavenay.com\/blogWP\/wp-json\/wp\/v2\/media?parent=13239"}],"wp:term":[{"taxonomy":"category","embeddable":true,"href":"https:\/\/www.photoclubsavenay.com\/blogWP\/wp-json\/wp\/v2\/categories?post=13239"},{"taxonomy":"post_tag","embeddable":true,"href":"https:\/\/www.photoclubsavenay.com\/blogWP\/wp-json\/wp\/v2\/tags?post=13239"}],"curies":[{"name":"wp","href":"https:\/\/api.w.org\/{rel}","templated":true}]}}